{"id":23718,"date":"2025-12-03T13:17:40","date_gmt":"2025-12-03T19:17:40","guid":{"rendered":"https:\/\/www.pillarhealthcare.org\/?p=23718"},"modified":"2026-03-18T11:48:37","modified_gmt":"2026-03-18T16:48:37","slug":"ampliacion-de-la-clinica-pillar-health-racine","status":"publish","type":"post","link":"https:\/\/www.pillarhealthcare.org\/es\/2025\/12\/03\/pillar-health-racine-clinic-expands\/","title":{"rendered":"La cl\u00ednica Pillar Health Racine ampl\u00eda la disponibilidad de proveedores para reforzar el acceso de la comunidad a la atenci\u00f3n m\u00e9dica"},"content":{"rendered":"<div class=\"fusion-fullwidth fullwidth-box fusion-builder-row-1 fusion-flex-container nonhundred-percent-fullwidth non-hundred-percent-height-scrolling\" style=\"--awb-border-radius-top-left:0px;--awb-border-radius-top-right:0px;--awb-border-radius-bottom-right:0px;--awb-border-radius-bottom-left:0px;--awb-flex-wrap:wrap;\" ><div class=\"fusion-builder-row fusion-row fusion-flex-align-items-flex-start fusion-flex-content-wrap\" style=\"max-width:1456px;margin-left: calc(-4% \/ 2 );margin-right: calc(-4% \/ 2 );\"><div class=\"fusion-layout-column fusion_builder_column fusion-builder-column-0 fusion_builder_column_2_3 2_3 fusion-flex-column\" style=\"--awb-bg-size:cover;--awb-width-large:66.666666666667%;--awb-margin-top-large:0px;--awb-spacing-right-large:2.88%;--awb-margin-bottom-large:20px;--awb-spacing-left-large:2.88%;--awb-width-medium:66.666666666667%;--awb-order-medium:0;--awb-spacing-right-medium:2.88%;--awb-spacing-left-medium:2.88%;--awb-width-small:100%;--awb-order-small:0;--awb-spacing-right-small:1.92%;--awb-spacing-left-small:1.92%;\"><div class=\"fusion-column-wrapper fusion-column-has-shadow fusion-flex-justify-content-flex-start fusion-content-layout-column\"><div class=\"fusion-image-element\" style=\"--awb-margin-top:30px;--awb-margin-bottom:30px;--awb-caption-title-font-family:var(--h2_typography-font-family);--awb-caption-title-font-weight:var(--h2_typography-font-weight);--awb-caption-title-font-style:var(--h2_typography-font-style);--awb-caption-title-size:var(--h2_typography-font-size);--awb-caption-title-transform:var(--h2_typography-text-transform);--awb-caption-title-line-height:var(--h2_typography-line-height);--awb-caption-title-letter-spacing:var(--h2_typography-letter-spacing);\"><span class=\"fusion-imageframe imageframe-none imageframe-1 hover-type-none\"><img decoding=\"async\" width=\"2560\" height=\"1344\" alt=\"Pillar Racineexpansi\u00f3n Destacados\" title=\"Pillar Racineexpansi\u00f3n Destacados\" src=\"data:image\/svg+xml,%3Csvg%20xmlns%3D%27http%3A%2F%2Fwww.w3.org%2F2000%2Fsvg%27%20width%3D%272560%27%20height%3D%271344%27%20viewBox%3D%270%200%202560%201344%27%3E%3Crect%20width%3D%272560%27%20height%3D%271344%27%20fill-opacity%3D%220%22%2F%3E%3C%2Fsvg%3E\" data-orig-src=\"https:\/\/www.pillarhealthcare.org\/wp-content\/uploads\/2025\/12\/Pillar-RacineExpanding-Featured.png\" class=\"lazyload img-responsive wp-image-23736\"\/><\/span><\/div><div class=\"fusion-text fusion-text-1\"><div class=\"vc_custom_1683730290311\">\n<h4><span style=\"font-weight: 400;\">En respuesta a la elevada demanda de servicios de atenci\u00f3n primaria y salud mental, <\/span><a href=\"https:\/\/www.pillarhealthcare.org\/es\/lugares\/clinica-pillar-health-racine\/\"><span style=\"font-weight: 400;\">Cl\u00ednica Pillar Health Racine<\/span><\/a><span style=\"font-weight: 400;\"> anuncia la ampliaci\u00f3n del acceso a servicios m\u00e9dicos y de salud mental de alta calidad, ofreciendo m\u00e1s disponibilidad de citas. <\/span><\/h4>\n<div id=\"text-block-3\" class=\"mk-text-block\">\n<p><span style=\"font-weight: 400;\">Como parte de este crecimiento, Pillar Health incorpora los servicios de la <\/span><a href=\"https:\/\/www.pillarhealthcare.org\/es\/proveedor-medico\/vedrana-jovkovic-2\/\"><span style=\"font-weight: 400;\">enfermera practicante de familia Vedrana \u00abVee\u00bb Jovkovic<\/span><\/a><span style=\"font-weight: 400;\">y ampl\u00eda el horario de salud mental con el <\/span><a href=\"https:\/\/www.pillarhealthcare.org\/es\/proveedor-de-comportamiento\/javier-luna-blanco\/\"><span style=\"font-weight: 400;\">psicoterapeuta Javier Luna-Blanco<\/span><\/a><span style=\"font-weight: 400;\">. Con estas incorporaciones, la cl\u00ednica Pillar Health Racine ofrecer\u00e1 dos proveedores de medicina familiar, un proveedor pedi\u00e1trico y un proveedor de terapia de salud mental en sus instalaciones.<\/span><\/p>\n<p><a href=\"https:\/\/www.pillarhealthcare.org\/es\/lugares\/clinica-pillar-health-racine\/\"><span style=\"font-weight: 400;\">Pillar Health Racine<\/span><\/a><span style=\"font-weight: 400;\"> est\u00e1 situada en el coraz\u00f3n del barrio de Lincoln-King, a poca distancia del actual y futuro Centro Comunitario Dr. Martin Luther King Jr., cuya inauguraci\u00f3n est\u00e1 prevista\npara 2026. Una vez finalizada, los servicios de Pillar Health se trasladar\u00e1n de su ubicaci\u00f3n temporal en el campus de la escuela primaria Julian Thomas al nuevo centro, donde tambi\u00e9n se a\u00f1adir\u00e1 el cuidado dental, continuando con la misi\u00f3n de la organizaci\u00f3n de proporcionar atenci\u00f3n con servicios totalmente integrales para las personas y familias que se enfrentan a un panorama de salud cada vez m\u00e1s complejo.<\/span><\/p>\n<\/div>\n<\/div>\n<\/div><div class=\"fusion-separator fusion-full-width-sep\" style=\"align-self: center;margin-left: auto;margin-right: auto;margin-top:20px;margin-bottom:0px;width:100%;\"><div class=\"fusion-separator-border sep-single sep-solid\" style=\"--awb-height:20px;--awb-amount:20px;border-color:var(--awb-color4);border-top-width:1px;\"><\/div><\/div><div class=\"fusion-text fusion-text-2 fusion-text-no-margin\" style=\"--awb-margin-bottom:10px;\"><div class=\"vc_custom_1683730290311\">\n<div id=\"text-block-3\" class=\"mk-text-block\">\n<h5>Damos la bienvenida a la enfermera practicante de familia Vedrana \u00abVee\u00bb Jovkovic, DNP, a Racine<\/h5>\n<\/div>\n<\/div>\n<\/div><div class=\"fusion-builder-row fusion-builder-row-inner fusion-row fusion-flex-align-items-flex-start fusion-flex-content-wrap\" style=\"--awb-flex-grow:0;--awb-flex-grow-medium:0;--awb-flex-grow-small:0;--awb-flex-shrink:0;--awb-flex-shrink-medium:0;--awb-flex-shrink-small:0;width:104% !important;max-width:104% !important;margin-left: calc(-4% \/ 2 );margin-right: calc(-4% \/ 2 );\"><div class=\"fusion-layout-column fusion_builder_column_inner fusion-builder-nested-column-0 fusion_builder_column_inner_2_3 2_3 fusion-flex-column\" style=\"--awb-bg-size:cover;--awb-width-large:66.666666666667%;--awb-margin-top-large:0px;--awb-spacing-right-large:2.88%;--awb-margin-bottom-large:20px;--awb-spacing-left-large:2.88%;--awb-width-medium:66.666666666667%;--awb-order-medium:0;--awb-spacing-right-medium:2.88%;--awb-spacing-left-medium:2.88%;--awb-width-small:100%;--awb-order-small:0;--awb-spacing-right-small:1.92%;--awb-spacing-left-small:1.92%;\"><div class=\"fusion-column-wrapper fusion-column-has-shadow fusion-flex-justify-content-flex-start fusion-content-layout-column\"><div class=\"fusion-text fusion-text-3\"><p><span style=\"font-weight: 400;\">Vee es una enfermera practicante con formaci\u00f3n m\u00e9dica. Se incorpor\u00f3 a Pillar Health en 2024 y r\u00e1pidamente se convirti\u00f3 en una profesional de confianza y centrada en el paciente en la cl\u00ednica de Kenosha. Ahora acepta nuevos pacientes mayores de 13 a\u00f1os en Racine, ampliando la capacidad de la cl\u00ednica para la atenci\u00f3n primaria.<\/span><\/p>\n<p><span style=\"font-weight: 400;\">Vee, que habla serbio con fluidez, es un recurso vital para muchas familias, incluidas las de origen europeo oriental. Su enfoque en la atenci\u00f3n se basa en la empat\u00eda y la comunicaci\u00f3n clara. Escucha atentamente, conoce la historia de cada paciente y crea planes de atenci\u00f3n personalizados dise\u00f1ados para la salud a largo plazo.<\/span><\/p>\n<p><span style=\"font-weight: 400;\">Los pacientes aprecian su estilo c\u00e1lido y colaborativo, as\u00ed como su capacidad para explicar informaci\u00f3n de salud compleja de una manera accesible y empoderadora. Ella cree que las relaciones s\u00f3lidas entre pacientes y proveedores son la base para una vida m\u00e1s saludable.<\/span><\/p>\n<\/div><\/div><\/div><div class=\"fusion-layout-column fusion_builder_column_inner fusion-builder-nested-column-1 fusion_builder_column_inner_1_3 1_3 fusion-flex-column\" style=\"--awb-bg-size:cover;--awb-width-large:33.333333333333%;--awb-margin-top-large:0px;--awb-spacing-right-large:5.76%;--awb-margin-bottom-large:20px;--awb-spacing-left-large:5.76%;--awb-width-medium:33.333333333333%;--awb-order-medium:0;--awb-spacing-right-medium:5.76%;--awb-spacing-left-medium:5.76%;--awb-width-small:100%;--awb-order-small:0;--awb-spacing-right-small:1.92%;--awb-spacing-left-small:1.92%;\"><div class=\"fusion-column-wrapper fusion-column-has-shadow fusion-flex-justify-content-flex-start fusion-content-layout-column\"><div class=\"fusion-image-element\" style=\"--awb-caption-title-font-family:var(--h2_typography-font-family);--awb-caption-title-font-weight:var(--h2_typography-font-weight);--awb-caption-title-font-style:var(--h2_typography-font-style);--awb-caption-title-size:var(--h2_typography-font-size);--awb-caption-title-transform:var(--h2_typography-text-transform);--awb-caption-title-line-height:var(--h2_typography-line-height);--awb-caption-title-letter-spacing:var(--h2_typography-letter-spacing);\"><span class=\"fusion-imageframe imageframe-none imageframe-2 hover-type-none\"><img decoding=\"async\" width=\"600\" height=\"600\" alt=\"Web de Kchc Vedranajovkovic\" title=\"Web de Kchc Vedranajovkovic\" src=\"https:\/\/www.pillarhealthcare.org\/wp-content\/uploads\/2024\/01\/KCHC-VedranaJovkovic-WEB.png\" data-orig-src=\"https:\/\/www.pillarhealthcare.org\/wp-content\/uploads\/2024\/01\/KCHC-VedranaJovkovic-WEB.png\" class=\"lazyload img-responsive wp-image-20485\" srcset=\"data:image\/svg+xml,%3Csvg%20xmlns%3D%27http%3A%2F%2Fwww.w3.org%2F2000%2Fsvg%27%20width%3D%27600%27%20height%3D%27600%27%20viewBox%3D%270%200%20600%20600%27%3E%3Crect%20width%3D%27600%27%20height%3D%27600%27%20fill-opacity%3D%220%22%2F%3E%3C%2Fsvg%3E\" data-srcset=\"https:\/\/www.pillarhealthcare.org\/wp-content\/uploads\/2024\/01\/KCHC-VedranaJovkovic-WEB-200x200.png 200w, https:\/\/www.pillarhealthcare.org\/wp-content\/uploads\/2024\/01\/KCHC-VedranaJovkovic-WEB-400x400.png 400w, https:\/\/www.pillarhealthcare.org\/wp-content\/uploads\/2024\/01\/KCHC-VedranaJovkovic-WEB.png 600w\" data-sizes=\"auto\" data-orig-sizes=\"(max-width: 835px) 100vw, 600px\" \/><\/span><\/div><\/div><\/div><\/div><div class=\"fusion-separator fusion-full-width-sep\" style=\"align-self: center;margin-left: auto;margin-right: auto;margin-top:0px;margin-bottom:0px;width:100%;\"><div class=\"fusion-separator-border sep-single sep-solid\" style=\"--awb-height:20px;--awb-amount:20px;border-color:var(--awb-color4);border-top-width:1px;\"><\/div><\/div><div class=\"fusion-text fusion-text-4 fusion-text-no-margin\" style=\"--awb-margin-bottom:10px;\"><div class=\"vc_custom_1683730290311\">\n<div id=\"text-block-3\" class=\"mk-text-block\">\n<h5>Ampliaci\u00f3n de los servicios de salud mental con Javier Luna-Blanco, MS, LPC<\/h5>\n<\/div>\n<\/div>\n<\/div><div class=\"fusion-builder-row fusion-builder-row-inner fusion-row fusion-flex-align-items-flex-start fusion-flex-content-wrap\" style=\"--awb-flex-grow:0;--awb-flex-grow-medium:0;--awb-flex-grow-small:0;--awb-flex-shrink:0;--awb-flex-shrink-medium:0;--awb-flex-shrink-small:0;width:104% !important;max-width:104% !important;margin-left: calc(-4% \/ 2 );margin-right: calc(-4% \/ 2 );\"><div class=\"fusion-layout-column fusion_builder_column_inner fusion-builder-nested-column-2 fusion_builder_column_inner_2_3 2_3 fusion-flex-column\" style=\"--awb-bg-size:cover;--awb-width-large:66.666666666667%;--awb-margin-top-large:0px;--awb-spacing-right-large:2.88%;--awb-margin-bottom-large:20px;--awb-spacing-left-large:2.88%;--awb-width-medium:66.666666666667%;--awb-order-medium:0;--awb-spacing-right-medium:2.88%;--awb-spacing-left-medium:2.88%;--awb-width-small:100%;--awb-order-small:0;--awb-spacing-right-small:1.92%;--awb-spacing-left-small:1.92%;\"><div class=\"fusion-column-wrapper fusion-column-has-shadow fusion-flex-justify-content-flex-start fusion-content-layout-column\"><div class=\"fusion-text fusion-text-5\"><p><span style=\"font-weight: 400;\">Para satisfacer la creciente demanda de apoyo en salud mental, el psicoterapeuta bilingu\u0308e Javier Luna-Blanco ha aumentado los servicios de terapia de salud mental en la cl\u00ednica Pillar Health Racine de uno ahora a dos (2) d\u00edas por semana.<\/span><\/p>\n<p><span style=\"font-weight: 400;\">Javier ofrece consejer\u00eda tanto en ingl\u00e9s como en espa\u00f1ol a pacientes mayores de 10 a\u00f1os, ayudando a j\u00f3venes, adultos y familias a superar la depresi\u00f3n, la ansiedad, el trastorno de estr\u00e9s postraum\u00e1tico, el TDAH, el duelo, el estr\u00e9s, los problemas de pareja, las crisis y los grandes cambios vitales.<\/span><\/p>\n<p><span style=\"font-weight: 400;\">Desde que se incorpor\u00f3 a Pillar Health en 2022, se ha dado a conocer por su enfoque compasivo y basado en las fortalezas. Aunque se especializa en la terapia cognitiva de comportamiento (CBT, por sus siglas en ingl\u00e9s), integra t\u00e9cnicas de la terapia centrada en soluciones, la terapia de aceptaci\u00f3n y compromiso y la psicoterapia interpersonal para atender a cada paciente en su situaci\u00f3n individual.<\/span><\/p>\n<\/div><\/div><\/div><div class=\"fusion-layout-column fusion_builder_column_inner fusion-builder-nested-column-3 fusion_builder_column_inner_1_3 1_3 fusion-flex-column\" style=\"--awb-bg-size:cover;--awb-width-large:33.333333333333%;--awb-margin-top-large:0px;--awb-spacing-right-large:5.76%;--awb-margin-bottom-large:20px;--awb-spacing-left-large:5.76%;--awb-width-medium:33.333333333333%;--awb-order-medium:0;--awb-spacing-right-medium:5.76%;--awb-spacing-left-medium:5.76%;--awb-width-small:100%;--awb-order-small:0;--awb-spacing-right-small:1.92%;--awb-spacing-left-small:1.92%;\"><div class=\"fusion-column-wrapper fusion-column-has-shadow fusion-flex-justify-content-flex-start fusion-content-layout-column\"><div class=\"fusion-image-element\" style=\"--awb-caption-title-font-family:var(--h2_typography-font-family);--awb-caption-title-font-weight:var(--h2_typography-font-weight);--awb-caption-title-font-style:var(--h2_typography-font-style);--awb-caption-title-size:var(--h2_typography-font-size);--awb-caption-title-transform:var(--h2_typography-text-transform);--awb-caption-title-line-height:var(--h2_typography-line-height);--awb-caption-title-letter-spacing:var(--h2_typography-letter-spacing);\"><span class=\"fusion-imageframe imageframe-none imageframe-3 hover-type-none\"><img decoding=\"async\" width=\"600\" height=\"600\" alt=\"Pilar Lunablanco Web\" title=\"Pilar Lunablanco Web\" src=\"https:\/\/www.pillarhealthcare.org\/wp-content\/uploads\/2025\/09\/Pillar-LunaBlanco-WEB.png\" data-orig-src=\"https:\/\/www.pillarhealthcare.org\/wp-content\/uploads\/2025\/09\/Pillar-LunaBlanco-WEB.png\" class=\"lazyload img-responsive wp-image-23483\" srcset=\"data:image\/svg+xml,%3Csvg%20xmlns%3D%27http%3A%2F%2Fwww.w3.org%2F2000%2Fsvg%27%20width%3D%27600%27%20height%3D%27600%27%20viewBox%3D%270%200%20600%20600%27%3E%3Crect%20width%3D%27600%27%20height%3D%27600%27%20fill-opacity%3D%220%22%2F%3E%3C%2Fsvg%3E\" data-srcset=\"https:\/\/www.pillarhealthcare.org\/wp-content\/uploads\/2025\/09\/Pillar-LunaBlanco-WEB-200x200.png 200w, https:\/\/www.pillarhealthcare.org\/wp-content\/uploads\/2025\/09\/Pillar-LunaBlanco-WEB-400x400.png 400w, https:\/\/www.pillarhealthcare.org\/wp-content\/uploads\/2025\/09\/Pillar-LunaBlanco-WEB.png 600w\" data-sizes=\"auto\" data-orig-sizes=\"(max-width: 835px) 100vw, 600px\" \/><\/span><\/div><\/div><\/div><\/div><\/div><\/div><div class=\"fusion-layout-column fusion_builder_column fusion-builder-column-1 fusion_builder_column_1_3 1_3 fusion-flex-column\" style=\"--awb-padding-top:5%;--awb-padding-right:5%;--awb-padding-bottom:5%;--awb-padding-left:5%;--awb-bg-color:#ededed;--awb-bg-color-hover:#ededed;--awb-bg-size:cover;--awb-width-large:33.333333333333%;--awb-margin-top-large:30px;--awb-spacing-right-large:5.76%;--awb-margin-bottom-large:20px;--awb-spacing-left-large:5.76%;--awb-width-medium:33.333333333333%;--awb-order-medium:0;--awb-spacing-right-medium:5.76%;--awb-spacing-left-medium:5.76%;--awb-width-small:100%;--awb-order-small:0;--awb-spacing-right-small:1.92%;--awb-spacing-left-small:1.92%;\" data-scroll-devices=\"small-visibility,medium-visibility,large-visibility\"><div class=\"fusion-column-wrapper fusion-column-has-shadow fusion-flex-justify-content-flex-start fusion-content-layout-column\"><div class=\"fusion-text fusion-text-6 fusion-text-no-margin\" style=\"--awb-font-size:35px;--awb-line-height:var(--awb-typography1-line-height);--awb-letter-spacing:var(--awb-typography1-letter-spacing);--awb-text-transform:var(--awb-typography1-text-transform);--awb-text-color:var(--awb-color4);--awb-margin-top:0px;--awb-margin-bottom:10px;--awb-text-font-family:&quot;Rubik&quot;;--awb-text-font-style:normal;--awb-text-font-weight:500;\"><p>El compromiso continuo de Pillar Health con Racine<\/p>\n<\/div><div class=\"fusion-text fusion-text-7\"><p><span style=\"font-weight: 400;\">La cl\u00ednica Pillar Health Racine sigue ampliando su equipo y sus servicios para garantizar que los pacientes tengan un acceso fluido a una atenci\u00f3n m\u00e9dica y de salud mental compasiva para adultos y ni\u00f1os. Con una mayor disponibilidad de proveedores y m\u00e1s opciones de citas, las familias de Racine pueden recibir el apoyo que necesitan, cerca de casa, en un entorno acogedor y centrado en la comunidad.<\/span><\/p>\n<p><span style=\"font-weight: 400;\">Para programar una cita u obtener m\u00e1s informaci\u00f3n, visite <\/span><a href=\"http:\/\/www.pillarhealthcare.org\/es\/clinica-pillar-health-racine\/\"><b>pillarhealthcare.org\/pillar-health-racine-clinic\/<\/b><\/a> <span style=\"font-weight: 400;\">o llame al <\/span><b>262-771-0035<\/b><span style=\"font-weight: 400;\">.<\/span><\/p>\n<\/div><div class=\"fusion-image-element\" style=\"--awb-caption-title-font-family:var(--h2_typography-font-family);--awb-caption-title-font-weight:var(--h2_typography-font-weight);--awb-caption-title-font-style:var(--h2_typography-font-style);--awb-caption-title-size:var(--h2_typography-font-size);--awb-caption-title-transform:var(--h2_typography-text-transform);--awb-caption-title-line-height:var(--h2_typography-line-height);--awb-caption-title-letter-spacing:var(--h2_typography-letter-spacing);\"><span class=\"fusion-imageframe imageframe-none imageframe-4 hover-type-none\"><img decoding=\"async\" width=\"593\" height=\"800\" alt=\"Pillarhealthteamwelcome 800x800 Redimensionar\" title=\"Pillarhealthteamwelcome 800\u00d7800 Redimensionar\" src=\"https:\/\/www.pillarhealthcare.org\/wp-content\/uploads\/2025\/12\/PillarHealthTeamWelcome-800x800-Resize.png\" data-orig-src=\"https:\/\/www.pillarhealthcare.org\/wp-content\/uploads\/2025\/12\/PillarHealthTeamWelcome-800x800-Resize.png\" class=\"lazyload img-responsive wp-image-23731\" srcset=\"data:image\/svg+xml,%3Csvg%20xmlns%3D%27http%3A%2F%2Fwww.w3.org%2F2000%2Fsvg%27%20width%3D%27593%27%20height%3D%27800%27%20viewBox%3D%270%200%20593%20800%27%3E%3Crect%20width%3D%27593%27%20height%3D%27800%27%20fill-opacity%3D%220%22%2F%3E%3C%2Fsvg%3E\" data-srcset=\"https:\/\/www.pillarhealthcare.org\/wp-content\/uploads\/2025\/12\/PillarHealthTeamWelcome-800x800-Resize-200x270.png 200w, https:\/\/www.pillarhealthcare.org\/wp-content\/uploads\/2025\/12\/PillarHealthTeamWelcome-800x800-Resize-400x540.png 400w, https:\/\/www.pillarhealthcare.org\/wp-content\/uploads\/2025\/12\/PillarHealthTeamWelcome-800x800-Resize.png 593w\" data-sizes=\"auto\" data-orig-sizes=\"(max-width: 835px) 100vw, 400px\" \/><\/span><\/div><div class=\"fusion-separator fusion-full-width-sep\" style=\"align-self: center;margin-left: auto;margin-right: auto;margin-top:40px;margin-bottom:0px;width:100%;\"><div class=\"fusion-separator-border sep-single sep-solid\" style=\"--awb-height:20px;--awb-amount:20px;border-color:var(--awb-color4);border-top-width:1px;\"><\/div><\/div><div class=\"fusion-text fusion-text-8\"><div class=\"vc_custom_1683730290311\">\n<div id=\"text-block-3\" class=\"mk-text-block\">\n<h5>Acerca de Pillar Health<\/h5>\n<p><span style=\"font-weight: 400;\">Pillar Health, una divisi\u00f3n de KCHC, ofrece servicios m\u00e9dicos, dentales, psiqui\u00e1tricos y de salud mental integrados a los residentes del sureste de Wisconsin. Con un enfoque en la atenci\u00f3n de alta calidad centrada en el paciente, Pillar Health ayuda a las personas y las familias a llevar una vida m\u00e1s saludable y feliz, independientemente de su situaci\u00f3n en materia de seguro m\u00e9dico o su nivel de ingresos.<\/span><\/p>\n<\/div>\n<\/div>\n<\/div><\/div><\/div><\/div><\/div>","protected":false},"excerpt":{"rendered":"<p>En respuesta a la gran demanda de atenci\u00f3n primaria y servicios de salud conductual, Pillar Health Racine Clinic anuncia la ampliaci\u00f3n del acceso a servicios m\u00e9dicos y de salud conductual de alta calidad, ofreciendo una mayor disponibilidad de citas.<\/p>","protected":false},"author":1,"featured_media":0,"comment_status":"closed","ping_status":"open","sticky":false,"template":"","format":"standard","meta":{"_acf_changed":false,"footnotes":""},"categories":[48],"tags":[199],"ailments":[],"class_list":["post-23718","post","type-post","status-publish","format-standard","hentry","category-news","tag-homepage"],"acf":[],"acf_fields":{"card_image":{"ID":23735,"id":23735,"title":"Pilar Racineexpanding Square","filename":"Pillar-RacineExpanding-Square.png","filesize":1344381,"url":"https:\/\/www.pillarhealthcare.org\/wp-content\/uploads\/2025\/12\/Pillar-RacineExpanding-Square.png","link":"https:\/\/www.pillarhealthcare.org\/es\/2025\/12\/03\/pillar-health-racine-clinic-expands\/pillar-racineexpanding-square\/","alt":"Pillar Racineexpanding Square","author":"1","description":"Pilar Racineexpanding Square","caption":"Pillar Racineexpanding Square","name":"pilar-canal-expansivo-cuadrado","status":"inherit","uploaded_to":23718,"date":"2025-12-03 19:04:21","modified":"2025-12-03 19:04:21","menu_order":0,"mime_type":"image\/png","type":"image","subtype":"png","icon":"https:\/\/www.pillarhealthcare.org\/wp-includes\/images\/media\/default.png","width":1250,"height":1250,"sizes":{"thumbnail":"https:\/\/www.pillarhealthcare.org\/wp-content\/uploads\/2025\/12\/Pillar-RacineExpanding-Square-150x150.png","thumbnail-width":150,"thumbnail-height":150,"medium":"https:\/\/www.pillarhealthcare.org\/wp-content\/uploads\/2025\/12\/Pillar-RacineExpanding-Square-300x300.png","medium-width":300,"medium-height":300,"medium_large":"https:\/\/www.pillarhealthcare.org\/wp-content\/uploads\/2025\/12\/Pillar-RacineExpanding-Square-768x768.png","medium_large-width":768,"medium_large-height":768,"large":"https:\/\/www.pillarhealthcare.org\/wp-content\/uploads\/2025\/12\/Pillar-RacineExpanding-Square-1024x1024.png","large-width":1024,"large-height":1024,"1536x1536":"https:\/\/www.pillarhealthcare.org\/wp-content\/uploads\/2025\/12\/Pillar-RacineExpanding-Square.png","1536x1536-width":1250,"1536x1536-height":1250,"2048x2048":"https:\/\/www.pillarhealthcare.org\/wp-content\/uploads\/2025\/12\/Pillar-RacineExpanding-Square.png","2048x2048-width":1250,"2048x2048-height":1250,"trp-custom-language-flag":"https:\/\/www.pillarhealthcare.org\/wp-content\/uploads\/2025\/12\/Pillar-RacineExpanding-Square-12x12.png","trp-custom-language-flag-width":12,"trp-custom-language-flag-height":12,"blog-large":"https:\/\/www.pillarhealthcare.org\/wp-content\/uploads\/2025\/12\/Pillar-RacineExpanding-Square-669x272.png","blog-large-width":669,"blog-large-height":272,"blog-medium":"https:\/\/www.pillarhealthcare.org\/wp-content\/uploads\/2025\/12\/Pillar-RacineExpanding-Square-320x202.png","blog-medium-width":320,"blog-medium-height":202,"recent-posts":"https:\/\/www.pillarhealthcare.org\/wp-content\/uploads\/2025\/12\/Pillar-RacineExpanding-Square-700x441.png","recent-posts-width":700,"recent-posts-height":441,"recent-works-thumbnail":"https:\/\/www.pillarhealthcare.org\/wp-content\/uploads\/2025\/12\/Pillar-RacineExpanding-Square-66x66.png","recent-works-thumbnail-width":66,"recent-works-thumbnail-height":66,"fusion-200":"https:\/\/www.pillarhealthcare.org\/wp-content\/uploads\/2025\/12\/Pillar-RacineExpanding-Square-200x200.png","fusion-200-width":200,"fusion-200-height":200,"fusion-400":"https:\/\/www.pillarhealthcare.org\/wp-content\/uploads\/2025\/12\/Pillar-RacineExpanding-Square-400x400.png","fusion-400-width":400,"fusion-400-height":400,"fusion-600":"https:\/\/www.pillarhealthcare.org\/wp-content\/uploads\/2025\/12\/Pillar-RacineExpanding-Square-600x600.png","fusion-600-width":600,"fusion-600-height":600,"fusion-800":"https:\/\/www.pillarhealthcare.org\/wp-content\/uploads\/2025\/12\/Pillar-RacineExpanding-Square-800x800.png","fusion-800-width":800,"fusion-800-height":800,"fusion-1200":"https:\/\/www.pillarhealthcare.org\/wp-content\/uploads\/2025\/12\/Pillar-RacineExpanding-Square-1200x1200.png","fusion-1200-width":1200,"fusion-1200-height":1200,"gform-image-choice-sm":"https:\/\/www.pillarhealthcare.org\/wp-content\/uploads\/2025\/12\/Pillar-RacineExpanding-Square.png","gform-image-choice-sm-width":300,"gform-image-choice-sm-height":300,"gform-image-choice-md":"https:\/\/www.pillarhealthcare.org\/wp-content\/uploads\/2025\/12\/Pillar-RacineExpanding-Square.png","gform-image-choice-md-width":400,"gform-image-choice-md-height":400,"gform-image-choice-lg":"https:\/\/www.pillarhealthcare.org\/wp-content\/uploads\/2025\/12\/Pillar-RacineExpanding-Square.png","gform-image-choice-lg-width":600,"gform-image-choice-lg-height":600}},"card_image_shown":"0","featured_image":"0","email_subject_line":"Pillar Health Racine Clinic Expands Provider Availability to Strengthen Community Access to Care","email_description":"In response to the high demand for primary care and behavioral health services, Pillar Health Racine Clinic announces expanded access to high-quality medical and behavioral health services, offering more appointment availability."},"featured_image_url":false,"author_name":"dooley","post_url":"https:\/\/www.pillarhealthcare.org\/es\/2025\/12\/03\/pillar-health-racine-clinic-expands\/","taxonomy_terms":{"category":[{"name":"Noticias","slug":"noticias","id":48}],"post_tag":[{"name":"P\u00e1gina de inicio","slug":"homepage","id":199}]},"_links":{"self":[{"href":"https:\/\/www.pillarhealthcare.org\/es\/wp-json\/wp\/v2\/posts\/23718","targetHints":{"allow":["GET"]}}],"collection":[{"href":"https:\/\/www.pillarhealthcare.org\/es\/wp-json\/wp\/v2\/posts"}],"about":[{"href":"https:\/\/www.pillarhealthcare.org\/es\/wp-json\/wp\/v2\/types\/post"}],"author":[{"embeddable":true,"href":"https:\/\/www.pillarhealthcare.org\/es\/wp-json\/wp\/v2\/users\/1"}],"replies":[{"embeddable":true,"href":"https:\/\/www.pillarhealthcare.org\/es\/wp-json\/wp\/v2\/comments?post=23718"}],"version-history":[{"count":16,"href":"https:\/\/www.pillarhealthcare.org\/es\/wp-json\/wp\/v2\/posts\/23718\/revisions"}],"predecessor-version":[{"id":23737,"href":"https:\/\/www.pillarhealthcare.org\/es\/wp-json\/wp\/v2\/posts\/23718\/revisions\/23737"}],"wp:attachment":[{"href":"https:\/\/www.pillarhealthcare.org\/es\/wp-json\/wp\/v2\/media?parent=23718"}],"wp:term":[{"taxonomy":"category","embeddable":true,"href":"https:\/\/www.pillarhealthcare.org\/es\/wp-json\/wp\/v2\/categories?post=23718"},{"taxonomy":"post_tag","embeddable":true,"href":"https:\/\/www.pillarhealthcare.org\/es\/wp-json\/wp\/v2\/tags?post=23718"},{"taxonomy":"ailments","embeddable":true,"href":"https:\/\/www.pillarhealthcare.org\/es\/wp-json\/wp\/v2\/ailments?post=23718"}],"curies":[{"name":"wp","href":"https:\/\/api.w.org\/{rel}","templated":true}]}}